{"provider_url": "https://www.mandaguacu.pr.leg.br", "title": "Verba de representa\u00e7\u00e3o", "html": "<p>\u00a0</p>\r\n<table class=\"listing\">\r\n<tbody>\r\n<tr><th colspan=\"2\">\r\n<h3 class=\" \"><img src=\"https://www.mandaguacu.pr.leg.br/imagens/transparencia-orcamento.png/@@images/67d09b00-71a2-4ccf-90a9-deec0914c1e8.png\" alt=\"Esta imagem \u00e9 referenciada nos conte\u00fados do portal.\" class=\"image-inline\" title=\"Transparencia Orcamento\" />\u00a0Vereadores - C\u00e2mara Municipal de Mandagua\u00e7u</h3>\r\n</th></tr>\r\n<tr>\r\n<td><strong>2024</strong></td>\r\n<td><span>Os <strong>Vereadores n\u00e3o possuem</strong> verba de representa\u00e7\u00e3o de qualquer natureza e valores relativos \u00e0s cotas para exerc\u00edcio da atividade parlamentar / verba indenizat\u00f3ria.</span></td>\r\n</tr>\r\n<tr>\r\n<td><strong>2023</strong></td>\r\n<td>Os <strong>Vereadores n\u00e3o possuem</strong> verba de representa\u00e7\u00e3o de qualquer natureza e valores relativos \u00e0s cotas para exerc\u00edcio da atividade parlamentar / verba indenizat\u00f3ria.</td>\r\n</tr>\r\n<tr>\r\n<td><strong>2022</strong></td>\r\n<td><span>Os\u00a0</span><strong>Vereadores n\u00e3o possuem</strong><span>\u00a0verba de representa\u00e7\u00e3o de qualquer natureza e valores relativos \u00e0s cotas para exerc\u00edcio da atividade parlamentar / verba indenizat\u00f3ria.</span></td>\r\n</tr>\r\n<tr>\r\n<td><strong>2021</strong></td>\r\n<td><span>Os\u00a0</span><strong>Vereadores n\u00e3o possuem</strong><span>\u00a0verba de representa\u00e7\u00e3o de qualquer natureza e valores relativos \u00e0s cotas para exerc\u00edcio da atividade parlamentar / verba indenizat\u00f3ria.</span></td>\r\n</tr>\r\n<tr>\r\n<td><strong>2020</strong></td>\r\n<td><span>Os\u00a0</span><strong>Vereadores n\u00e3o possuem</strong><span>\u00a0verba de representa\u00e7\u00e3o de qualquer natureza e valores relativos \u00e0s cotas para exerc\u00edcio da atividade parlamentar / verba indenizat\u00f3ria.</span></td>\r\n</tr>\r\n<tr>\r\n<td><strong>2019</strong></td>\r\n<td><span>Os\u00a0</span><strong>Vereadores n\u00e3o possuem</strong><span>\u00a0verba de representa\u00e7\u00e3o de qualquer natureza e valores relativos \u00e0s cotas para exerc\u00edcio da atividade parlamentar / verba indenizat\u00f3ria.</span></td>\r\n</tr>\r\n<tr>\r\n<td><strong>2018</strong></td>\r\n<td><span>Os\u00a0</span><strong>Vereadores n\u00e3o possuem</strong><span>\u00a0verba de representa\u00e7\u00e3o de qualquer natureza e valores relativos \u00e0s cotas para exerc\u00edcio da atividade parlamentar / verba indenizat\u00f3ria.</span></td>\r\n</tr>\r\n<tr>\r\n<td><strong>2017</strong></td>\r\n<td><span>Os\u00a0</span><strong>Vereadores n\u00e3o possuem</strong><span>\u00a0verba de representa\u00e7\u00e3o de qualquer natureza e valores relativos \u00e0s cotas para exerc\u00edcio da atividade parlamentar / verba indenizat\u00f3ria.</span></td>\r\n</tr>\r\n<tr>\r\n<td><strong>2016</strong></td>\r\n<td><span>Os\u00a0</span><strong>Vereadores n\u00e3o possuem</strong><span>\u00a0verba de representa\u00e7\u00e3o de qualquer natureza e valores relativos \u00e0s cotas para exerc\u00edcio da atividade parlamentar / verba indenizat\u00f3ria.</span></td>\r\n</tr>\r\n<tr>\r\n<td><strong>2015</strong></td>\r\n<td><span>Os\u00a0</span><strong>Vereadores n\u00e3o possuem</strong><span>\u00a0verba de representa\u00e7\u00e3o de qualquer natureza e valores relativos \u00e0s cotas para exerc\u00edcio da atividade parlamentar / verba indenizat\u00f3ria.</span></td>\r\n</tr>\r\n<tr>\r\n<td><strong>2014</strong></td>\r\n<td><span>Os\u00a0</span><strong>Vereadores n\u00e3o possuem</strong><span>\u00a0verba de representa\u00e7\u00e3o de qualquer natureza e valores relativos \u00e0s cotas para exerc\u00edcio da atividade parlamentar / verba indenizat\u00f3ria.</span></td>\r\n</tr>\r\n<tr>\r\n<td><strong>2013</strong></td>\r\n<td><span><span>Os\u00a0</span><strong>Vereadores n\u00e3o possuem</strong><span>\u00a0verba de representa\u00e7\u00e3o de qualquer natureza e valores relativos \u00e0s cotas para exerc\u00edcio da atividade parlamentar / verba indenizat\u00f3ria.</span></span></td>\r\n</tr>\r\n</tbody>\r\n</table>", "author_name": "", "version": "1.0", "author_url": "https://www.mandaguacu.pr.leg.br/author/adm", "provider_name": "C\u00e2mara Municipal de Mandagua\u00e7u", "type": "rich"}